{"id":2046,"date":"2021-02-21T19:37:56","date_gmt":"2021-02-21T15:37:56","guid":{"rendered":"https:\/\/khojalytoday.com\/armenians-killed-1000-azeris-charge\/"},"modified":"2022-02-23T17:27:25","modified_gmt":"2022-02-23T13:27:25","slug":"armenians-killed-1000-azeris-charge","status":"publish","type":"post","link":"https:\/\/khojalytoday.com\/az\/armenians-killed-1000-azeris-charge\/","title":{"rendered":"Erm\u0259nil\u0259r 1000 n\u0259f\u0259ri \u00f6ld\u00fcrd\u00fc, az\u0259rbaycanl\u0131lar ittiham edir"},"content":{"rendered":"\n<p><strong>The Boston Globe, 3 mart 1992-ci il<\/strong><\/p>\n\n\n\n<p><strong><em>Paul Quin-Judge, Bak\u0131, Az\u0259rbaycan<\/em><\/strong><\/p>\n\n\n\n<p>D\u00fcn\u0259n Az\u0259rbaycan Erm\u0259nistan h\u0259rb\u00e7il\u0259rinin ki\u015fi, qad\u0131n, u\u015faqlar\u0131 k\u00fctl\u0259vi \u015f\u0259kild\u0259 q\u0259tl\u0259 yetirdikl\u0259rini v\u0259 Da\u011fl\u0131q Qaraba\u011fdan onlar\u0131 \u00e7\u0131x\u00adma\u011fa m\u0259cbur etdikl\u0259rini dey\u0259r\u0259k ittiham etdi.<\/p>\n\n\n\n<p>Az\u0259rbaycan r\u0259smil\u0259ri Xocal\u0131 \u015f\u0259h\u0259rind\u0259 1000 az\u0259rbaycanl\u0131n\u0131n \u00f6ld\u00fc\u00adr\u00fcld\u00fcy\u00fcn\u00fc v\u0259 Erm\u0259nistan d\u00f6y\u00fc\u015f\u00e7\u00fcl\u0259rinin qarl\u0131 da\u011f ke\u00e7idl\u0259rind\u0259 can\u00adla\u00adr\u0131n\u0131 qurtarma\u011fa \u00e7al\u0131\u015fan ki\u015fi, qad\u0131n v\u0259 u\u015faqlar\u0131 q\u0131rd\u0131qlar\u0131n\u0131 bildirdi.<\/p>\n\n\n\n<p>Erm\u0259ni r\u0259smil\u0259ri \u00f6l\u0259nl\u0259rin say\u0131 bar\u0259d\u0259 m\u00fcbahis\u0259 edir, q\u0131r\u011f\u0131n bar\u0259d\u0259 m\u0259lumatlar\u0131 inkar edirdil\u0259r.<\/p>\n\n\n\n<p>Hadis\u0259 yerind\u0259 olan jurnalistl\u0259r \u0259traf \u0259razil\u0259rd\u0259 \u00f6ld\u00fcr\u00fcl\u0259nl\u0259rin say\u0131n\u0131 d\u0259qiq dem\u0259yin \u00e7\u0259tin oldu\u011funu s\u00f6yl\u0259dil\u0259r. Reutersin fotoqraf\u0131 c\u0259s\u0259dl\u0259 dolu olan iki y\u00fck ma\u015f\u0131n\u0131n\u0131 v\u0259 bir rus jurnalist ba\u015fqa bir \u0259razid\u0259 q\u0259t\u00adliam\u0131n ayd\u0131n s\u0259hn\u0259l\u0259rini g\u00f6rd\u00fcy\u00fcn\u00fc s\u00f6yl\u0259di.<\/p>\n\n\n\n<p>Helikopter il\u0259 \u0259raziy\u0259 ged\u0259n Az\u0259rbaycan r\u0259smil\u0259ri v\u0259 jurnalistl\u0259r ba\u015f\u0131ndan vurulmu\u015f \u00fc\u00e7 u\u015faq c\u0259s\u0259dini g\u00f6t\u00fcrd\u00fcl\u0259r lakin, Reutersin dedi\u00adyin\u0259 g\u00f6r\u0259 erm\u0259nil\u0259r dig\u0259r c\u0259s\u0259dl\u0259ri g\u00f6t\u00fcrm\u0259y\u0259 mane oldular.<\/p>\n\n\n\n<p>Xocal\u0131n\u0131n i\u015f\u011fal\u0131 zaman\u0131 \u00e7ox sayda m\u00fclki \u0259halinin \u00f6ld\u00fcr\u00fcld\u00fcy\u00fc bar\u0259d\u0259 \u0259lam\u0259tl\u0259r getdikc\u0259 art\u0131rd\u0131.<\/p>\n\n\n\n<p>Az\u0259rbaycan Televiziyas\u0131 t\u0259r\u0259find\u0259n \u00e7\u0259kilmi\u015f materiallar bazar g\u00fcn\u00fc A\u011fdam\u0131n m\u00fcv\u0259qq\u0259ti morqunda aras\u0131nda qad\u0131n v\u0259 u\u015faqlar\u0131n da oldu\u00ad\u011fu t\u0259xmin\u0259n 10 n\u0259f\u0259rin meyitini n\u00fcmayi\u015f etdirdi. \u018fsas televiziya stansiyas\u0131nda m\u00fcxbirin verdiyi m\u0259lumata \u0259sas\u0259n 180 n\u0259f\u0259rin c\u0259s\u0259di i\u015f\u011fal edil\u0259n \u0259razid\u0259n g\u0259tirilib. Yax\u0131nl\u0131qdak\u0131 \u0259razid\u0259n u\u00e7an helikopter ba\u015fqa insan c\u0259s\u0259dl\u0259rini g\u00f6rd\u00fcy\u00fcn\u00fc deyib, frans\u0131z fotoqraf\u0131n dedikl\u0259\u00adrin\u0259 istinad\u0259n BBC bildirir ki, qad\u0131nlar v\u0259 u\u015faqlar da daxil olmaqla 31 \u00f6l\u00fc\u00adn\u00fcn c\u0259s\u0259dini say\u0131b, \u00e7oxuna da ba\u015flar\u0131na yax\u0131n m\u0259saf\u0259d\u0259n at\u0259\u015f a\u00e7\u0131l\u0131b.<\/p>\n\n\n\n<p>Eyni zamanda Xocal\u0131n\u0131n meri Elmar M\u0259mm\u0259dov t\u0259r\u0259find\u0259n Bak\u0131dak\u0131 m\u0259tbuat konfrans\u0131nda h\u00fccumlarda 1000 adam\u0131n h\u0259lak oldu\u011fu, 200 n\u0259f\u0259rin itkin d\u00fc\u015fd\u00fcy\u00fc, 300 n\u0259f\u0259rin \u0259sir g\u00f6t\u00fcr\u00fcld\u00fcy\u00fc v\u0259 200 n\u0259f\u0259r \u015f\u0259xsin yaraland\u0131\u011f\u0131 bildirildi. M\u0259mm\u0259dov erm\u0259ni t\u0259cav\u00fczkarlar\u0131n\u0131n yolunu t\u0259mizl\u0259y\u0259n v\u0259 h\u00fccumlara r\u0259hb\u0259rlik ed\u0259n 366-c\u0131 alay\u0131n zirehli d\u00f6y\u00fc\u015f ma\u015f\u0131nlar\u0131n\u0131 g\u00fcnahland\u0131r\u0131r v\u0259 ittiham edirdi.<\/p>\n","protected":false},"excerpt":{"rendered":"<p>The Boston Globe, 3 mart 1992-ci il Paul Quin-Judge, Bak\u0131, Az\u0259rbaycan D\u00fcn\u0259n Az\u0259rbaycan Erm\u0259nistan h\u0259rb\u00e7il\u0259rinin ki\u015fi, qad\u0131n, u\u015faqlar\u0131<span class=\"excerpt-hellip\"> [\u2026]<\/span><\/p>\n","protected":false},"author":2,"featured_media":0,"comment_status":"open","ping_status":"open","sticky":false,"template":"","format":"standard","meta":[],"categories":[611],"tags":[],"_links":{"self":[{"href":"https:\/\/khojalytoday.com\/az\/wp-json\/wp\/v2\/posts\/2046"}],"collection":[{"href":"https:\/\/khojalytoday.com\/az\/wp-json\/wp\/v2\/posts"}],"about":[{"href":"https:\/\/khojalytoday.com\/az\/wp-json\/wp\/v2\/types\/post"}],"author":[{"embeddable":true,"href":"https:\/\/khojalytoday.com\/az\/wp-json\/wp\/v2\/users\/2"}],"replies":[{"embeddable":true,"href":"https:\/\/khojalytoday.com\/az\/wp-json\/wp\/v2\/comments?post=2046"}],"version-history":[{"count":2,"href":"https:\/\/khojalytoday.com\/az\/wp-json\/wp\/v2\/posts\/2046\/revisions"}],"predecessor-version":[{"id":2857,"href":"https:\/\/khojalytoday.com\/az\/wp-json\/wp\/v2\/posts\/2046\/revisions\/2857"}],"wp:attachment":[{"href":"https:\/\/khojalytoday.com\/az\/wp-json\/wp\/v2\/media?parent=2046"}],"wp:term":[{"taxonomy":"category","embeddable":true,"href":"https:\/\/khojalytoday.com\/az\/wp-json\/wp\/v2\/categories?post=2046"},{"taxonomy":"post_tag","embeddable":true,"href":"https:\/\/khojalytoday.com\/az\/wp-json\/wp\/v2\/tags?post=2046"}],"curies":[{"name":"wp","href":"https:\/\/api.w.org\/{rel}","templated":true}]}}