{"id":1909,"date":"2021-02-21T21:44:09","date_gmt":"2021-02-21T17:44:09","guid":{"rendered":"https:\/\/khojalytoday.com\/mammad-jumshud-mammadov\/"},"modified":"2022-02-25T03:09:20","modified_gmt":"2022-02-24T23:09:20","slug":"mammad-jumshud-mammadov","status":"publish","type":"post","link":"https:\/\/khojalytoday.com\/az\/mammad-jumshud-mammadov\/","title":{"rendered":"M\u0259mm\u0259d C\u00fcm\u015f\u00fcd o\u011flu M\u0259mm\u0259dov"},"content":{"rendered":"\n<p>1992-ci il fevral\u0131n 25-d\u0259n 26-na ke\u00e7\u0259n gec\u0259, Xocal\u0131n\u0131n erm\u0259nil\u0259r t\u0259r\u0259find\u0259n i\u015f\u011fal\u0131ndan sonra m\u0259n rayonun sakinl\u0259ri il\u0259 birg\u0259 oradan \u00e7\u0131xmal\u0131 idim. Canan Orucov, Faiq \u018flim\u0259mm\u0259dov, Kamil M\u0259mm\u0259dov, Kamal, \u0130sa, \u0130lqar Ab\u0131\u015fov, Ya\u015far \u018flim\u0259mm\u0259dov, M\u0259h\u0259mm\u0259d M\u0259mm\u0259dov v\u0259 adlar\u0131n\u0131 unutdu\u011fum bir qrup \u015f\u0259xsl\u0259 birlikd\u0259 me\u015f\u0259d\u0259 gizl\u0259ndik v\u0259 1992-ci ilin fevral ay\u0131n\u0131n 28-d\u0259k orada qald\u0131q. H\u0259min gec\u0259 erm\u0259nil\u0259r m\u0259ni \u0259sir ald\u0131lar v\u0259 Nax\u00e7\u0131vanikd\u0259 bir fermaya g\u0259tirdil\u0259r. Orada m\u0259ni \u0259sir ald\u0131qdan sonra M\u0259mm\u0259din \u00f6ld\u00fcr\u00fcld\u00fcy\u00fcn\u00fc e\u015fitdim, lakin dig\u0259r girov g\u00f6t\u00fcr\u00fcl\u0259n \u015f\u0259xsl\u0259r h\u0259l\u0259 d\u0259 orada saxlan\u0131l\u0131rd\u0131. Karo Babayan bizi \u0259sir alanlara ba\u015f\u00e7\u0131l\u0131q edirdi. O, yan\u011f\u0131ndan m\u00fchafiz\u0259 \u015f\u00f6b\u0259sinin r\u0259isi v\u0259 polis kapitan\u0131 idi. Babayan orada saxlan\u0131lan insanlara i\u015fg\u0259nc\u0259l\u0259r verirdi. Biziml\u0259 b\u0259rab\u0259r qad\u0131nlar v\u0259 u\u015faqlar da \u0259sir al\u0131nm\u0131\u015fd\u0131lar. 1992-ci il mart ay\u0131n\u0131n 14-d\u0259 onlar 21 \u0259siri \u018fsg\u0259ran Polis \u015e\u00f6b\u0259sinin pasport b\u00f6lm\u0259sin\u0259 y\u0131\u011fd\u0131lar. Karonun qrupundan olan erm\u0259ni \u0259sg\u0259rl\u0259ri h\u0259min b\u00f6lm\u0259d\u0259 bizi d\u00f6y\u00fcrd\u00fc. H\u0259min g\u00fcnd\u0259n sonra onlar bizi geri &#8211; Az\u0259rbaycana g\u00f6nd\u0259rdil\u0259r. Bizi g\u00f6nd\u0259rm\u0259zd\u0259n \u0259vv\u0259l Karo Babayan Faiq \u018flim\u0259mm\u0259dovu \u015f\u00f6b\u0259nin h\u0259y\u0259tind\u0259 \u00f6ld\u00fcrd\u00fc. Qarda\u015f\u0131m C\u0259mil C\u00fcm\u015f\u00fcd o\u011flu M\u0259mm\u0259dov da bu fakt\u0131 t\u0259sdiql\u0259y\u0259 bil\u0259r.<\/p>\n","protected":false},"excerpt":{"rendered":"<p>1992-ci il fevral\u0131n 25-d\u0259n 26-na ke\u00e7\u0259n gec\u0259, Xocal\u0131n\u0131n erm\u0259nil\u0259r t\u0259r\u0259find\u0259n i\u015f\u011fal\u0131ndan sonra m\u0259n rayonun sakinl\u0259ri il\u0259 birg\u0259 oradan<span class=\"excerpt-hellip\"> [\u2026]<\/span><\/p>\n","protected":false},"author":2,"featured_media":0,"comment_status":"open","ping_status":"open","sticky":false,"template":"","format":"standard","meta":[],"categories":[646],"tags":[],"_links":{"self":[{"href":"https:\/\/khojalytoday.com\/az\/wp-json\/wp\/v2\/posts\/1909"}],"collection":[{"href":"https:\/\/khojalytoday.com\/az\/wp-json\/wp\/v2\/posts"}],"about":[{"href":"https:\/\/khojalytoday.com\/az\/wp-json\/wp\/v2\/types\/post"}],"author":[{"embeddable":true,"href":"https:\/\/khojalytoday.com\/az\/wp-json\/wp\/v2\/users\/2"}],"replies":[{"embeddable":true,"href":"https:\/\/khojalytoday.com\/az\/wp-json\/wp\/v2\/comments?post=1909"}],"version-history":[{"count":3,"href":"https:\/\/khojalytoday.com\/az\/wp-json\/wp\/v2\/posts\/1909\/revisions"}],"predecessor-version":[{"id":3449,"href":"https:\/\/khojalytoday.com\/az\/wp-json\/wp\/v2\/posts\/1909\/revisions\/3449"}],"wp:attachment":[{"href":"https:\/\/khojalytoday.com\/az\/wp-json\/wp\/v2\/media?parent=1909"}],"wp:term":[{"taxonomy":"category","embeddable":true,"href":"https:\/\/khojalytoday.com\/az\/wp-json\/wp\/v2\/categories?post=1909"},{"taxonomy":"post_tag","embeddable":true,"href":"https:\/\/khojalytoday.com\/az\/wp-json\/wp\/v2\/tags?post=1909"}],"curies":[{"name":"wp","href":"https:\/\/api.w.org\/{rel}","templated":true}]}}