{"id":1891,"date":"2021-02-21T21:55:13","date_gmt":"2021-02-21T17:55:13","guid":{"rendered":"https:\/\/khojalytoday.com\/sahida-gurban-alakbarova\/"},"modified":"2022-02-25T03:09:03","modified_gmt":"2022-02-24T23:09:03","slug":"sahida-gurban-alakbarova","status":"publish","type":"post","link":"https:\/\/khojalytoday.com\/az\/sahida-gurban-alakbarova\/","title":{"rendered":"Sahid\u0259 Qurban q\u0131z\u0131 \u018fl\u0259kb\u0259rova"},"content":{"rendered":"\n<p>1992-ci il fevral\u0131n 25-d\u0259n 26-na ke\u00e7\u0259n gec\u0259 Xocal\u0131 rayonu \u00fc\u00e7 istiqam\u0259td\u0259 a\u00e7\u0131lan at\u0259\u015fl\u0259r\u0259 m\u0259ruz qald\u0131. Biz \u015f\u0259h\u0259ri t\u0259rk etm\u0259li olduq. Erm\u0259nil\u0259r 9 n\u0259f\u0259rl\u0259 birg\u0259 bizi Qaraqaya adlanan yerd\u0259n girov g\u00f6t\u00fcr\u0259r\u0259k \u018fsg\u0259ran Polis B\u00f6lm\u0259sin\u0259 g\u0259tirdil\u0259r. Ora ged\u0259n yolda onlar bizim b\u00fct\u00fcn pulumuzu, s\u0259n\u0259dl\u0259rimizi v\u0259 zin\u0259t \u0259\u015fyalar\u0131m\u0131z\u0131 g\u00f6t\u00fcrd\u00fcl\u0259r. Biziml\u0259 birg\u0259 t\u0259xmin\u0259n 70 qad\u0131n v\u0259 u\u015faqlar var idi. Erm\u0259nil\u0259r g\u0259nc q\u0131zlar\u0131 apard\u0131lar v\u0259 onlara i\u015fg\u0259nc\u0259l\u0259r verdil\u0259r. Bir g\u00fcn onlar m\u0259nim 6 ya\u015fl\u0131 q\u0131z\u0131m\u0131 da aparmaq ist\u0259dil\u0259r. M\u0259n buna icaz\u0259 verm\u0259dim v\u0259 onlar m\u0259n\u0259 i\u015fg\u0259nc\u0259 verm\u0259y\u0259 ba\u015flad\u0131lar. H\u0259min g\u00fcn anam \u00f6z dini etiqad\u0131na g\u00f6r\u0259 \u00f6ld\u00fcr\u00fcld\u00fc. Bac\u0131lar\u0131m M\u0259xm\u0259r H\u00fcseynova v\u0259 M\u0259hbub\u0259 Ab\u0131\u015fova, onun o\u011flu \u00c7ingiz, q\u0131z\u0131 \u00c7inar\u0259 v\u0259 qayn\u0131m Z\u00f6hrab h\u0259l\u0259 d\u0259 itkindir. 70 n\u0259f\u0259rl\u0259 birg\u0259 biz iki erm\u0259ni c\u0259s\u0259din\u0259 g\u00f6r\u0259 m\u00fcbadil\u0259 edildik. Rayonun i\u015f\u011fal\u0131 s\u0259b\u0259bind\u0259n bizim b\u00fct\u00fcn mal varl\u0131\u011f\u0131m\u0131z v\u0259 evimiz erm\u0259nil\u0259r t\u0259r\u0259find\u0259n talan edildi.<\/p>\n","protected":false},"excerpt":{"rendered":"<p>1992-ci il fevral\u0131n 25-d\u0259n 26-na ke\u00e7\u0259n gec\u0259 Xocal\u0131 rayonu \u00fc\u00e7 istiqam\u0259td\u0259 a\u00e7\u0131lan at\u0259\u015fl\u0259r\u0259 m\u0259ruz qald\u0131. Biz \u015f\u0259h\u0259ri t\u0259rk<span class=\"excerpt-hellip\"> [\u2026]<\/span><\/p>\n","protected":false},"author":2,"featured_media":0,"comment_status":"open","ping_status":"open","sticky":false,"template":"","format":"standard","meta":[],"categories":[646],"tags":[],"_links":{"self":[{"href":"https:\/\/khojalytoday.com\/az\/wp-json\/wp\/v2\/posts\/1891"}],"collection":[{"href":"https:\/\/khojalytoday.com\/az\/wp-json\/wp\/v2\/posts"}],"about":[{"href":"https:\/\/khojalytoday.com\/az\/wp-json\/wp\/v2\/types\/post"}],"author":[{"embeddable":true,"href":"https:\/\/khojalytoday.com\/az\/wp-json\/wp\/v2\/users\/2"}],"replies":[{"embeddable":true,"href":"https:\/\/khojalytoday.com\/az\/wp-json\/wp\/v2\/comments?post=1891"}],"version-history":[{"count":4,"href":"https:\/\/khojalytoday.com\/az\/wp-json\/wp\/v2\/posts\/1891\/revisions"}],"predecessor-version":[{"id":3446,"href":"https:\/\/khojalytoday.com\/az\/wp-json\/wp\/v2\/posts\/1891\/revisions\/3446"}],"wp:attachment":[{"href":"https:\/\/khojalytoday.com\/az\/wp-json\/wp\/v2\/media?parent=1891"}],"wp:term":[{"taxonomy":"category","embeddable":true,"href":"https:\/\/khojalytoday.com\/az\/wp-json\/wp\/v2\/categories?post=1891"},{"taxonomy":"post_tag","embeddable":true,"href":"https:\/\/khojalytoday.com\/az\/wp-json\/wp\/v2\/tags?post=1891"}],"curies":[{"name":"wp","href":"https:\/\/api.w.org\/{rel}","templated":true}]}}