{"id":1797,"date":"2021-02-21T22:23:06","date_gmt":"2021-02-21T18:23:06","guid":{"rendered":"https:\/\/khojalytoday.com\/shakhnaz-yusif-behbudova\/"},"modified":"2022-02-23T14:36:46","modified_gmt":"2022-02-23T10:36:46","slug":"shakhnaz-yusif-behbudova","status":"publish","type":"post","link":"https:\/\/khojalytoday.com\/az\/shakhnaz-yusif-behbudova\/","title":{"rendered":"\u015eahnaz Yusif q\u0131z\u0131 Behbudova"},"content":{"rendered":"\n<p>1992-ci il fevral\u0131n 25-d\u0259n 26-na ke\u00e7\u0259n gec\u0259 Xocal\u0131 \u0259l\u0259 ke\u00e7irildi. Qay\u0131natam \u015eura Pa\u015fayev, qay\u0131nanam K\u00fcbra Pa\u015fayeva o vaxt biziml\u0259 b\u0259rab\u0259r idi. Qarqar \u00e7ay\u0131n\u0131 ke\u00e7dikd\u0259n sonra Nax\u00e7\u0131vanik k\u0259ndi yax\u0131nl\u0131\u011f\u0131nda \u00f6vladlar\u0131m\u0131zla birg\u0259 me\u015f\u0259y\u0259 qa\u00e7araq A\u011fdama do\u011fru ir\u0259lil\u0259dik. Ancaq \u018fsg\u0259ran rayonu il\u0259 A\u011fdam rayonu aras\u0131nda yerl\u0259\u015f\u0259n q\u0259biristanl\u0131\u011fa \u00e7atd\u0131qda erm\u0259nil\u0259r bizi m\u00fchasir\u0259y\u0259 ald\u0131 v\u0259 pulemyotlardan at\u0259\u015f a\u00e7ma\u011fa ba\u015flad\u0131lar. \u0130nsanlar m\u00fcxt\u0259lif istiqam\u0259tl\u0259r\u0259 qa\u00e7ma\u011fa ba\u015flad\u0131. \u015e\u0259h\u0259rd\u0259n t\u0259xmin\u0259n 100 qad\u0131n, u\u015faq v\u0259 ya\u015fl\u0131 adamlar var idi. Yolda\u015f\u0131m El\u015f\u0259n \u015eura o\u011flu Pa\u015fayev v\u0259 qay\u0131natam \u015eura Pa\u015fayev dig\u0259rl\u0259ri il\u0259 birlikd\u0259 at\u0131\u015fmada h\u0259yatlar\u0131n\u0131 itirdil\u0259r. \u00c7ay\u0131n yata\u011f\u0131ndak\u0131 at\u0131\u015fmada sa\u011f qalanlar\u0131 s\u0131raya d\u00fcz\u0259r\u0259k qumbara atma\u011fa ba\u015flad\u0131lar. Yaln\u0131z \u00e7alaya do\u011fru qa\u00e7ma\u011fa \u00e7al\u0131\u015fan 9 ki\u015fi yaralanaraq sa\u011f qala bildi. Qay\u0131nanam K\u00fcbra sol \u0259lind\u0259n iki g\u00fcll\u0259 il\u0259 yaralanm\u0131\u015fd\u0131, m\u0259nim is\u0259 aya\u011f\u0131m s\u0131yr\u0131ld\u0131. Qon\u015fular\u0131m\u0131z Elbrus, \u0130slam, V\u00fcqar, G\u00fclnaz, S\u00fcr\u0259yy\u0259 (sonra v\u0259fat etdi) sa\u011f qald\u0131lar. Erm\u0259nil\u0259r bizi yenid\u0259n s\u0131raya d\u00fcz\u0259r\u0259k m\u00fcxt\u0259lif \u0259\u015fyalarla vurma\u011fa, s\u00f6y\u00fc\u015f s\u00f6ym\u0259y\u0259 ba\u015flad\u0131lar, sonra is\u0259 \u018fsg\u0259ran rayon polis b\u00f6lm\u0259sinin zirz\u0259misin\u0259 atd\u0131lar. <\/p>\n\n\n\n<p>Orada qad\u0131nlar\u0131 ki\u015fil\u0259rd\u0259n ayr\u0131 saxlay\u0131rd\u0131lar. Bizim zirz\u0259mid\u0259 t\u0259xmin\u0259n 40-50 n\u0259f\u0259r yaral\u0131 qad\u0131n v\u0259 u\u015faq var idi. \u0130\u015fg\u0259nc\u0259l\u0259r d\u0259h\u015f\u0259t idi. Qad\u0131nlar\u0131n qolunu, burnunu, qulaqlar\u0131n\u0131 k\u0259sir, su, yem\u0259k vermirdil\u0259r; u\u015faqlar a\u011flay\u0131r, yaral\u0131 insanlar inild\u0259yirdil\u0259r. B\u0259z\u0259n erm\u0259nil\u0259r h\u00fccr\u0259miz\u0259 g\u0259lir, g\u00f6z\u0259l v\u0259 g\u0259nc qad\u0131nlar\u0131 \u00f6zl\u0259ri il\u0259 apar\u0131rd\u0131lar, onlar qay\u0131td\u0131qda is\u0259 t\u0259cav\u00fcz\u0259 u\u011frad\u0131qlar\u0131n\u0131 anlay\u0131rd\u0131q. Sonradan bir ne\u00e7\u0259 q\u0131z\u0131n h\u0259l\u0259 d\u0259 burax\u0131lmad\u0131\u011f\u0131n\u0131 e\u015fitdim. Q\u0131zlar\u0131n analar\u0131 onlarla getm\u0259k ist\u0259dikl\u0259rind\u0259 is\u0259 hu\u015flar\u0131n\u0131 itir\u0259n\u0259d\u0259k d\u00f6y\u00fcl\u00fcrd\u00fcl\u0259r. Erm\u0259nil\u0259r b\u00fct\u00fcn q\u0131z\u0131l \u0259\u015fyalar\u0131m\u0131z\u0131 ald\u0131lar. B\u00fct\u00fcn bu i\u015fg\u0259nc\u0259l\u0259r n\u00f6vb\u0259ti g\u00fcn\u0259d\u0259k davam etdi. Az\u0259rbaycan \u0259razisin\u0259 1992-ci il, fevral\u0131n 27-si g\u0259tirildik<\/p>\n","protected":false},"excerpt":{"rendered":"<p>1992-ci il fevral\u0131n 25-d\u0259n 26-na ke\u00e7\u0259n gec\u0259 Xocal\u0131 \u0259l\u0259 ke\u00e7irildi. Qay\u0131natam \u015eura Pa\u015fayev, qay\u0131nanam K\u00fcbra Pa\u015fayeva o vaxt<span class=\"excerpt-hellip\"> [\u2026]<\/span><\/p>\n","protected":false},"author":2,"featured_media":0,"comment_status":"open","ping_status":"open","sticky":false,"template":"","format":"standard","meta":[],"categories":[646],"tags":[],"_links":{"self":[{"href":"https:\/\/khojalytoday.com\/az\/wp-json\/wp\/v2\/posts\/1797"}],"collection":[{"href":"https:\/\/khojalytoday.com\/az\/wp-json\/wp\/v2\/posts"}],"about":[{"href":"https:\/\/khojalytoday.com\/az\/wp-json\/wp\/v2\/types\/post"}],"author":[{"embeddable":true,"href":"https:\/\/khojalytoday.com\/az\/wp-json\/wp\/v2\/users\/2"}],"replies":[{"embeddable":true,"href":"https:\/\/khojalytoday.com\/az\/wp-json\/wp\/v2\/comments?post=1797"}],"version-history":[{"count":2,"href":"https:\/\/khojalytoday.com\/az\/wp-json\/wp\/v2\/posts\/1797\/revisions"}],"predecessor-version":[{"id":2763,"href":"https:\/\/khojalytoday.com\/az\/wp-json\/wp\/v2\/posts\/1797\/revisions\/2763"}],"wp:attachment":[{"href":"https:\/\/khojalytoday.com\/az\/wp-json\/wp\/v2\/media?parent=1797"}],"wp:term":[{"taxonomy":"category","embeddable":true,"href":"https:\/\/khojalytoday.com\/az\/wp-json\/wp\/v2\/categories?post=1797"},{"taxonomy":"post_tag","embeddable":true,"href":"https:\/\/khojalytoday.com\/az\/wp-json\/wp\/v2\/tags?post=1797"}],"curies":[{"name":"wp","href":"https:\/\/api.w.org\/{rel}","templated":true}]}}